{"id":2266,"date":"2021-08-10T20:32:35","date_gmt":"2021-08-10T23:32:35","guid":{"rendered":"https:\/\/algodaodejandaira.pb.gov.br\/portal\/?p=2266"},"modified":"2021-09-02T19:41:34","modified_gmt":"2021-09-02T22:41:34","slug":"mais-agua-para-algodao-de-jandaira","status":"publish","type":"post","link":"https:\/\/algodaodejandaira.pb.gov.br\/portal\/mais-agua-para-algodao-de-jandaira\/","title":{"rendered":"MAIS \u00c1GUA PARA ALGOD\u00c3O DE JANDAIRA"},"content":{"rendered":"\n<p class=\"wp-block-paragraph\">A Prefeitura Municipal de Algod\u00e3o de Jandaira, juntamente com o apoio do Governo do Estado, e, atrav\u00e9s do programa \u00c1gua Doce, preparam a instala\u00e7\u00e3o de mais um sistema de dessaliniza\u00e7\u00e3o na sede do munic\u00edpio, que ir\u00e1 contemplar mais de 200 fam\u00edlias diariamente com \u00e1gua pot\u00e1vel.<\/p>\n\n\n\n<div class=\"wp-block-image\"><figure class=\"aligncenter size-large is-resized\"><img loading=\"lazy\" decoding=\"async\" src=\"https:\/\/algodaodejandaira.pb.gov.br\/portal\/wp-content\/uploads\/2021\/08\/224055967_4112186495561732_3298291000189012797_n-1024x1024.jpg\" alt=\"\" class=\"wp-image-2267\" width=\"488\" height=\"488\" srcset=\"https:\/\/algodaodejandaira.pb.gov.br\/portal\/wp-content\/uploads\/2021\/08\/224055967_4112186495561732_3298291000189012797_n-1024x1024.jpg 1024w, https:\/\/algodaodejandaira.pb.gov.br\/portal\/wp-content\/uploads\/2021\/08\/224055967_4112186495561732_3298291000189012797_n-300x300.jpg 300w, https:\/\/algodaodejandaira.pb.gov.br\/portal\/wp-content\/uploads\/2021\/08\/224055967_4112186495561732_3298291000189012797_n-150x150.jpg 150w, https:\/\/algodaodejandaira.pb.gov.br\/portal\/wp-content\/uploads\/2021\/08\/224055967_4112186495561732_3298291000189012797_n-768x768.jpg 768w, https:\/\/algodaodejandaira.pb.gov.br\/portal\/wp-content\/uploads\/2021\/08\/224055967_4112186495561732_3298291000189012797_n-696x696.jpg 696w, https:\/\/algodaodejandaira.pb.gov.br\/portal\/wp-content\/uploads\/2021\/08\/224055967_4112186495561732_3298291000189012797_n-1068x1068.jpg 1068w, https:\/\/algodaodejandaira.pb.gov.br\/portal\/wp-content\/uploads\/2021\/08\/224055967_4112186495561732_3298291000189012797_n-420x420.jpg 420w, https:\/\/algodaodejandaira.pb.gov.br\/portal\/wp-content\/uploads\/2021\/08\/224055967_4112186495561732_3298291000189012797_n.jpg 1080w\" sizes=\"auto, (max-width: 488px) 100vw, 488px\" \/><\/figure><\/div>\n","protected":false},"excerpt":{"rendered":"<p>A Prefeitura Municipal de Algod\u00e3o de Jandaira, juntamente com o apoio do Governo do Estado, e, atrav\u00e9s do programa \u00c1gua Doce, preparam a instala\u00e7\u00e3o de mais um sistema de dessaliniza\u00e7\u00e3o na sede do munic\u00edpio, que ir\u00e1 contemplar mais de 200 fam\u00edlias diariamente com \u00e1gua pot\u00e1vel.<\/p>\n","protected":false},"author":2,"featured_media":2268,"comment_status":"open","ping_status":"open","sticky":false,"template":"","format":"standard","meta":{"footnotes":""},"categories":[45],"tags":[],"class_list":["post-2266","post","type-post","status-publish","format-standard","has-post-thumbnail","category-noticias"],"_links":{"self":[{"href":"https:\/\/algodaodejandaira.pb.gov.br\/portal\/wp-json\/wp\/v2\/posts\/2266","targetHints":{"allow":["GET"]}}],"collection":[{"href":"https:\/\/algodaodejandaira.pb.gov.br\/portal\/wp-json\/wp\/v2\/posts"}],"about":[{"href":"https:\/\/algodaodejandaira.pb.gov.br\/portal\/wp-json\/wp\/v2\/types\/post"}],"author":[{"embeddable":true,"href":"https:\/\/algodaodejandaira.pb.gov.br\/portal\/wp-json\/wp\/v2\/users\/2"}],"replies":[{"embeddable":true,"href":"https:\/\/algodaodejandaira.pb.gov.br\/portal\/wp-json\/wp\/v2\/comments?post=2266"}],"version-history":[{"count":1,"href":"https:\/\/algodaodejandaira.pb.gov.br\/portal\/wp-json\/wp\/v2\/posts\/2266\/revisions"}],"predecessor-version":[{"id":2269,"href":"https:\/\/algodaodejandaira.pb.gov.br\/portal\/wp-json\/wp\/v2\/posts\/2266\/revisions\/2269"}],"wp:featuredmedia":[{"embeddable":true,"href":"https:\/\/algodaodejandaira.pb.gov.br\/portal\/wp-json\/wp\/v2\/media\/2268"}],"wp:attachment":[{"href":"https:\/\/algodaodejandaira.pb.gov.br\/portal\/wp-json\/wp\/v2\/media?parent=2266"}],"wp:term":[{"taxonomy":"category","embeddable":true,"href":"https:\/\/algodaodejandaira.pb.gov.br\/portal\/wp-json\/wp\/v2\/categories?post=2266"},{"taxonomy":"post_tag","embeddable":true,"href":"https:\/\/algodaodejandaira.pb.gov.br\/portal\/wp-json\/wp\/v2\/tags?post=2266"}],"curies":[{"name":"wp","href":"https:\/\/api.w.org\/{rel}","templated":true}]}}